{"id":7066,"date":"2024-11-06T08:30:00","date_gmt":"2024-11-06T07:30:00","guid":{"rendered":"https:\/\/blog.toddl.co\/?p=7066"},"modified":"2024-11-20T14:41:19","modified_gmt":"2024-11-20T13:41:19","slug":"bibliotecas-y-librerias-infantiles-en-barcelona","status":"publish","type":"post","link":"https:\/\/blog.toddl.co\/es\/bibliotecas-y-librerias-infantiles-en-barcelona\/","title":{"rendered":"Descubre las mejores bibliotecas y librer\u00edas infantiles en Barcelona"},"content":{"rendered":"\n<p>En Barcelona <strong>las bibliotecas y librer\u00edas infantiles ofrecen espacios m\u00e1gicos donde los ni\u00f1os y las ni\u00f1as pueden desarrollar su amor por la lectura y la creatividad, <\/strong>al mismo tiempo que pasan un lindo d\u00eda haciendo un plan distinto. <strong> <\/strong>La literatura tiene un lugar especial en la ciudad, especialmente en d\u00edas como <strong>Sant Jordi.<\/strong> Celebrado el 23 de abril, este d\u00eda festivo convierte la ciudad en un inmenso mercado de libros y rosas, y es una oportunidad perfecta para que lxs ni\u00f1xs descubran nuevos cuentos y aventuras literarias. En esta gu\u00eda, te recomendamos bibliotecas y librer\u00edas infantiles en Barcelona, adem\u00e1s de compartir la importancia de la lectura desde peque\u00f1os e ideas para fomentar el amor por la lactura. \u00a1Acomp\u00e1\u00f1anos a descubrirlas!<\/p>\n\n\n\n<p><\/p>\n\n\n\n<div class=\"wp-block-rank-math-toc-block\" id=\"rank-math-toc\"><h2>\u00bfQu\u00e9 encontrar\u00e1s aqu\u00ed?<\/h2><nav><ol><li><a href=\"#la-importancia-de-la-lectura-en-los-ninos\">La importancia de la lectura en los ni\u00f1os<\/a><\/li><li><a href=\"#mejores-bibliotecas-infantiles-en-barcelona\">Mejores bibliotecas infantiles en Barcelona<\/a><\/li><li><a href=\"#librerias-infantiles-en-barcelona-fomentando-el-amor-por-la-lectura\">Librer\u00edas infantiles en Barcelona<\/a><\/li><li><a href=\"#block-c787d7ca-ff75-4086-ad20-44f66c21c1c7-1-1\">\u00bfC\u00f3mo fomentar el amor por los libros en los ni\u00f1os?<\/a><\/li><\/ol><\/nav><\/div>\n\n\n\n<p><\/p>\n\n\n\n<h2 class=\"wp-block-heading\" id=\"la-importancia-de-la-lectura-en-los-ninos\">La importancia de la lectura en los ni\u00f1os<\/h2>\n\n\n\n<p>La lectura es una habilidades muy valiosas para lxs ni\u00f1xs, ya que va mucho m\u00e1s all\u00e1 de aprender a decodificar palabras. Leer desde temprana edad tiene beneficios cognitivos, emocionales y sociales, que contribuyen al desarrollo integral de lxs peque\u00f1xs y les abre puertas para explorar el mundo y a ellxs mismxs. <\/p>\n\n\n\n<h3 class=\"wp-block-heading\" id=\"1-fomenta-la-imaginacion-y-la-creatividad\">1. Fomenta la imaginaci\u00f3n y la creatividad<\/h3>\n\n\n\n<p>La lectura permite a los ni\u00f1os entrar en mundos desconocidos, imaginar personajes y vivir situaciones a trav\u00e9s de la narrativa. Cada historia se convierte en un universo paralelo en el que pueden volar, ser h\u00e9roes o descubrir planetas nuevos. Este ejercicio mental ayuda a estimular la imaginaci\u00f3n y la creatividad, habilidades que llevar\u00e1n consigo a lo largo de su vida y que pueden aplicar en otras \u00e1reas, como la resoluci\u00f3n de problemas o la innovaci\u00f3n.<\/p>\n\n\n\n<h3 class=\"wp-block-heading\" id=\"2-enriquecimiento-del-vocabulario-y-mejora-de-la-expresion-oral\">2. Enriquecimiento del vocabulario y mejora de la expresi\u00f3n oral<\/h3>\n\n\n\n<p>La exposici\u00f3n constante a nuevas palabras, estructuras gramaticales y expresiones en los libros permite que lxs ni\u00f1xs ampl\u00eden su vocabulario y mejoren su capacidad de expresi\u00f3n. Esta habilidad no solo es \u00fatil para comunicarse mejor, sino que tambi\u00e9n tiene un impacto positivo en su autoestima y confianza al poder expresarse de forma clara. <\/p>\n\n\n\n<h3 class=\"wp-block-heading\" id=\"3-desarrollo-de-empatia-e-inteligencia-emocional\">3. Desarrollo de empat\u00eda e inteligencia emocional<\/h3>\n\n\n\n<p>A trav\u00e9s de los personajes de los libros, lxs ni\u00f1xs viven experiencias distintas y se enfrentan a emociones complejas: alegr\u00eda, tristeza, miedo, valent\u00eda, entre otras. Al identificarse con personajes que atraviesan situaciones diversas, aprenden a ponerse en el lugar de los dem\u00e1s y desarrollan una mayor empat\u00eda y sensibilidad hacia los sentimientos ajenos.<\/p>\n\n\n\n<div class=\"wp-block-columns is-layout-flex wp-container-core-columns-is-layout-9d6595d7 wp-block-columns-is-layout-flex\">\n<div class=\"wp-block-column is-layout-flow wp-block-column-is-layout-flow\">\n<figure class=\"wp-block-image size-large\"><img decoding=\"async\" width=\"1024\" height=\"723\" data-src=\"https:\/\/blog.toddl.co\/wp-content\/uploads\/2024\/11\/beneficio.-ectura-en-ninos-1024x723.webp\" alt=\"Importancia de la lectura en los ni\u00f1os.\" class=\"wp-image-7095 lazyload\" title=\"\" data-srcset=\"https:\/\/blog.toddl.co\/wp-content\/uploads\/2024\/11\/beneficio.-ectura-en-ninos-1024x723.webp 1024w, https:\/\/blog.toddl.co\/wp-content\/uploads\/2024\/11\/beneficio.-ectura-en-ninos-300x212.webp 300w, https:\/\/blog.toddl.co\/wp-content\/uploads\/2024\/11\/beneficio.-ectura-en-ninos-768x542.webp 768w, https:\/\/blog.toddl.co\/wp-content\/uploads\/2024\/11\/beneficio.-ectura-en-ninos-610x431.webp 610w, https:\/\/blog.toddl.co\/wp-content\/uploads\/2024\/11\/beneficio.-ectura-en-ninos-1080x763.webp 1080w, https:\/\/blog.toddl.co\/wp-content\/uploads\/2024\/11\/beneficio.-ectura-en-ninos.webp 1133w\" data-sizes=\"(max-width: 1024px) 100vw, 1024px\" src=\"data:image\/gif;base64,R0lGODlhAQABAAAAACH5BAEKAAEALAAAAAABAAEAAAICTAEAOw==\" style=\"--smush-placeholder-width: 1024px; --smush-placeholder-aspect-ratio: 1024\/723;\" \/><\/figure>\n<\/div>\n\n\n\n<div class=\"wp-block-column is-layout-flow wp-block-column-is-layout-flow\">\n<figure class=\"wp-block-image size-large\"><img decoding=\"async\" width=\"1024\" height=\"723\" data-src=\"https:\/\/blog.toddl.co\/wp-content\/uploads\/2024\/11\/lectura-desde-la-infancia-1024x723.webp\" alt=\"Mujer y beb\u00e9 leyendo\" class=\"wp-image-7097 lazyload\" title=\"\" data-srcset=\"https:\/\/blog.toddl.co\/wp-content\/uploads\/2024\/11\/lectura-desde-la-infancia-1024x723.webp 1024w, https:\/\/blog.toddl.co\/wp-content\/uploads\/2024\/11\/lectura-desde-la-infancia-300x212.webp 300w, https:\/\/blog.toddl.co\/wp-content\/uploads\/2024\/11\/lectura-desde-la-infancia-768x542.webp 768w, https:\/\/blog.toddl.co\/wp-content\/uploads\/2024\/11\/lectura-desde-la-infancia-610x431.webp 610w, https:\/\/blog.toddl.co\/wp-content\/uploads\/2024\/11\/lectura-desde-la-infancia-1080x763.webp 1080w, https:\/\/blog.toddl.co\/wp-content\/uploads\/2024\/11\/lectura-desde-la-infancia.webp 1133w\" data-sizes=\"(max-width: 1024px) 100vw, 1024px\" src=\"data:image\/gif;base64,R0lGODlhAQABAAAAACH5BAEKAAEALAAAAAABAAEAAAICTAEAOw==\" style=\"--smush-placeholder-width: 1024px; --smush-placeholder-aspect-ratio: 1024\/723;\" \/><\/figure>\n<\/div>\n<\/div>\n\n\n\n<h3 class=\"wp-block-heading\" id=\"4-estimula-la-concentracion-y-la-memoria\">4. Estimula la concentraci\u00f3n y la memoria<\/h3>\n\n\n\n<p>La lectura es una actividad que requiere atenci\u00f3n sostenida, y seguir una historia lees ayuda a desarrollar su capacidad de concentraci\u00f3n. Adem\u00e1s, al recordar detalles, personajes y tramas, ejercitan su memoria, mejorando su capacidad de retener y relacionar informaci\u00f3n. <\/p>\n\n\n\n<h3 class=\"wp-block-heading\" id=\"5-estimula-la-curiosidad-y-el-interes-por-el-aprendizaje\">5. Estimula la curiosidad y el inter\u00e9s por el aprendizaje<\/h3>\n\n\n\n<p>Los libros abren la puerta a m\u00faltiples temas, desde la ciencia y la historia hasta la naturaleza y las culturas del mundo. La lectura despierta la curiosidad natural de los ni\u00f1os y las ni\u00f1as, motiv\u00e1ndolos a investigar y a buscar m\u00e1s respuestas sobre los temas que les fascinan. Este inter\u00e9s por descubrir m\u00e1s all\u00e1 de lo que se presenta en el aula convierte a la lectura en una fuente inagotable de aprendizaje y descubrimiento.<\/p>\n\n\n\n<h3 class=\"wp-block-heading\" id=\"6-mejora-del-rendimiento-academico\">6. Mejora del rendimiento acad\u00e9mico<\/h3>\n\n\n\n<p>El h\u00e1bito de la lectura desde una edad temprana est\u00e1 vinculado a un mejor rendimiento acad\u00e9mico en materias como la lengua, las ciencias sociales y hasta las matem\u00e1ticas. La capacidad de leer con fluidez y comprensi\u00f3n ayuda a los ni\u00f1os a asimilar mejor los contenidos, resolver problemas con mayor eficacia y realizar tareas con m\u00e1s autonom\u00eda. De esta forma, la lectura les proporciona una ventaja significativa en su desarrollo acad\u00e9mico.<\/p>\n\n\n\n<div style=\"height:76px\" aria-hidden=\"true\" class=\"wp-block-spacer\"><\/div>\n\n\n\n<h2 class=\"wp-block-heading\" id=\"mejores-bibliotecas-infantiles-en-barcelona\">Mejores bibliotecas infantiles en Barcelona<\/h2>\n\n\n\n<p>Barcelona cuenta con una <strong>amplia red de bibliotecas p\u00fablicas<\/strong> (m\u00e1s de 41, distribuidas en los distintos barrios) que ofrecen espacios para lxs ni\u00f1xs y actividades infantiles. Puedes <a href=\"https:\/\/ajuntament.barcelona.cat\/biblioteques\/es\/bibliotecas\" data-type=\"link\" data-id=\"https:\/\/ajuntament.barcelona.cat\/biblioteques\/es\/bibliotecas\" target=\"_blank\" rel=\"noopener\">buscar por ubicaci\u00f3n, y elegir la m\u00e1s cercana<\/a><\/p>\n\n\n\n<p><strong>En las \u00e1reas infantiles de las bibliotecas encontrar\u00e1s libros para disfrutar de la lectura, libros para aprender y hacer los deberes, y tambi\u00e9n otro tipo de materiales<\/strong>, como&nbsp;c\u00f3mics, revistas, DVD, CD de m\u00fasica, juegos de mesa y videojuegos. Los cuentos con <strong>pegatina azul<\/strong> est\u00e1n recomendados <strong>para ni\u00f1xs de 4 a 6 a\u00f1os<\/strong>, ya que las ilustraciones y las im\u00e1genes tienen mucha importancia y hay poco texto o nada. Los cuentos de de <strong>pegatina roja <\/strong>son para <strong>ni\u00f1xs de 7 a 10 a\u00f1os<\/strong>, en los que el texto comienza a tener importancia, son historias un tanto m\u00e1s largas y complejas. Por \u00faltimo, la <strong>pegatina verde<\/strong> es para las lecturas <strong>a partir de los 11 a\u00f1os<\/strong>, suelen ser peque\u00f1as novelas de diferentes temas. <\/p>\n\n\n\n<p>Tambi\u00e9n suele haber un <strong>especio de<\/strong>&nbsp;<strong>Peque\u00f1os Lectores<\/strong>,<strong> dirigido a los m\u00e1s peque\u00f1os (de 0 a 4 a\u00f1os) y a sus acompa\u00f1antes. <\/strong>En este espacio encontrar\u00e1s libros en los que las ilustraciones son las protagonistas. Libros de diferentes tama\u00f1os, formas, colores, texturas, libros de cart\u00f3n, libros de ropa, libros desplegables&#8230; que tienen como finalidad estimular y potenciar la imaginaci\u00f3n y la percepci\u00f3n visual de los m\u00e1s peque\u00f1os. <\/p>\n\n\n\n<p>Descubre <a href=\"https:\/\/ajuntament.barcelona.cat\/biblioteques\/es\/buscador-actividades-infantiles\" data-type=\"link\" data-id=\"https:\/\/ajuntament.barcelona.cat\/biblioteques\/es\/buscador-actividades-infantiles\" target=\"_blank\" rel=\"noopener\">interesantes actividades infantiles<\/a>, talleres y cuenta-cuentos en las distintas bibliotecas.<\/p>\n\n\n\n<div class=\"wp-block-columns is-layout-flex wp-container-core-columns-is-layout-9d6595d7 wp-block-columns-is-layout-flex\">\n<div class=\"wp-block-column is-layout-flow wp-block-column-is-layout-flow\">\n<figure class=\"wp-block-image size-full\"><img decoding=\"async\" width=\"752\" height=\"564\" data-src=\"https:\/\/blog.toddl.co\/wp-content\/uploads\/2024\/11\/biblioteca-clara-barcelona-edited.jpg\" alt=\"bibliotecas para ni\u00f1os en barcelona\" class=\"wp-image-7087 lazyload\" title=\"\" data-srcset=\"https:\/\/blog.toddl.co\/wp-content\/uploads\/2024\/11\/biblioteca-clara-barcelona-edited.jpg 752w, https:\/\/blog.toddl.co\/wp-content\/uploads\/2024\/11\/biblioteca-clara-barcelona-edited-300x225.jpg 300w, https:\/\/blog.toddl.co\/wp-content\/uploads\/2024\/11\/biblioteca-clara-barcelona-edited-610x458.jpg 610w\" data-sizes=\"(max-width: 752px) 100vw, 752px\" src=\"data:image\/gif;base64,R0lGODlhAQABAAAAACH5BAEKAAEALAAAAAABAAEAAAICTAEAOw==\" style=\"--smush-placeholder-width: 752px; --smush-placeholder-aspect-ratio: 752\/564;\" \/><\/figure>\n<\/div>\n\n\n\n<div class=\"wp-block-column is-layout-flow wp-block-column-is-layout-flow\">\n<figure class=\"wp-block-image size-full\"><img decoding=\"async\" width=\"1024\" height=\"768\" data-src=\"https:\/\/blog.toddl.co\/wp-content\/uploads\/2024\/11\/petits-lector6-1024x768-1.jpg\" alt=\"bibliotecas para ni\u00f1os en barcelona\" class=\"wp-image-7081 lazyload\" title=\"\" data-srcset=\"https:\/\/blog.toddl.co\/wp-content\/uploads\/2024\/11\/petits-lector6-1024x768-1.jpg 1024w, https:\/\/blog.toddl.co\/wp-content\/uploads\/2024\/11\/petits-lector6-1024x768-1-300x225.jpg 300w, https:\/\/blog.toddl.co\/wp-content\/uploads\/2024\/11\/petits-lector6-1024x768-1-768x576.jpg 768w, https:\/\/blog.toddl.co\/wp-content\/uploads\/2024\/11\/petits-lector6-1024x768-1-610x458.jpg 610w\" data-sizes=\"(max-width: 1024px) 100vw, 1024px\" src=\"data:image\/gif;base64,R0lGODlhAQABAAAAACH5BAEKAAEALAAAAAABAAEAAAICTAEAOw==\" style=\"--smush-placeholder-width: 1024px; --smush-placeholder-aspect-ratio: 1024\/768;\" \/><\/figure>\n<\/div>\n<\/div>\n\n\n\n<h3 class=\"wp-block-heading\" id=\"ciutat-vella\">Ciutat Vella<\/h3>\n\n\n\n<ul class=\"wp-block-list\">\n<li><a href=\"https:\/\/ajuntament.barcelona.cat\/biblioteques\/es\/bibgotic\" target=\"_blank\" rel=\"noopener\">Biblioteca G\u00f2tic &#8211; Andreu Nin<\/a> | Carrer la Rambla, 30<\/li>\n\n\n\n<li><a href=\"https:\/\/ajuntament.barcelona.cat\/biblioteques\/es\/bibbarceloneta\" target=\"_blank\" rel=\"noopener\">Biblioteca Barceloneta &#8211; La Fraternitat<\/a> | Carrer de Fel\u00edcia Fuster i Viladecans, 8<\/li>\n\n\n\n<li><a href=\"https:\/\/ajuntament.barcelona.cat\/biblioteques\/es\/bibfbonnemaison\" target=\"_blank\" rel=\"noopener\">Biblioteca Francesca Bonnemaison<\/a> | Carrer de Sant Pere M\u00e9s Baix, 7<\/li>\n\n\n\n<li><a href=\"https:\/\/ajuntament.barcelona.cat\/biblioteques\/es\/bibsantpau\" target=\"_blank\" rel=\"noopener\">Biblioteca Sant Pau &#8211; Santa Creu<\/a> | Carrer del Carme, 47<\/li>\n<\/ul>\n\n\n\n<p><\/p>\n\n\n\n<h3 class=\"wp-block-heading\" id=\"eixample\">Eixample<\/h3>\n\n\n\n<ul class=\"wp-block-list\">\n<li><a href=\"https:\/\/ajuntament.barcelona.cat\/biblioteques\/es\/bibjoanmiro\" target=\"_blank\" rel=\"noopener\">Biblioteca Joan Mir\u00f3<\/a> | Carrer de Vilamar\u00ed, 61<\/li>\n\n\n\n<li><a href=\"https:\/\/ajuntament.barcelona.cat\/biblioteques\/es\/bibsagradafamilia\" target=\"_blank\" rel=\"noopener\">Biblioteca Sagrada Fam\u00edlia &#8211; Josep M. Ainaud de Lasarte<\/a> | Carrer de Proven\u00e7a, 480<\/li>\n\n\n\n<li><a href=\"https:\/\/ajuntament.barcelona.cat\/biblioteques\/es\/bibfortpienc\" target=\"_blank\" rel=\"noopener\">Biblioteca Fort Pienc \u2013 Ana Mar\u00eda Moix<\/a> | Pla\u00e7a de Fort Pienc, 4<\/li>\n\n\n\n<li><a href=\"https:\/\/ajuntament.barcelona.cat\/biblioteques\/es\/bibjoanoliver\" target=\"_blank\" rel=\"noopener\">Biblioteca Sant Antoni &#8211; Joan Oliver *Previsi\u00f3 de reobertura: Primavera 2025*<\/a> | Carrer del Comte Borrell, 44<\/li>\n\n\n\n<li><a href=\"https:\/\/ajuntament.barcelona.cat\/biblioteques\/es\/bibsofiabarat\" target=\"_blank\" rel=\"noopener\">Biblioteca Sofia Barat<\/a> | Carrer de Girona, 64<\/li>\n\n\n\n<li><a href=\"https:\/\/ajuntament.barcelona.cat\/biblioteques\/es\/bibcentelles\" target=\"_blank\" rel=\"noopener\">Biblioteca Esquerra de l&#8217;Eixample &#8211; Agust\u00ed Centelles<\/a> | Carrer del Comte d&#8217;Urgell, 145<\/li>\n<\/ul>\n\n\n\n<p><\/p>\n\n\n\n<h3 class=\"wp-block-heading\" id=\"sants-montjuic\">Sants-Montju\u00efc<\/h3>\n\n\n\n<ul class=\"wp-block-list\">\n<li><a href=\"https:\/\/ajuntament.barcelona.cat\/biblioteques\/es\/bibfrancesccandel\" target=\"_blank\" rel=\"noopener\">Biblioteca Francesc Candel<\/a> | Carrer de l&#8217;Amnistia Internacional, 10<\/li>\n\n\n\n<li><a href=\"https:\/\/ajuntament.barcelona.cat\/biblioteques\/es\/bibvaporvell\" target=\"_blank\" rel=\"noopener\">Biblioteca Vapor Vell<\/a> | Passatge del Vapor Vell, 1<\/li>\n\n\n\n<li><a href=\"https:\/\/ajuntament.barcelona.cat\/biblioteques\/es\/bibfrancescboix\" target=\"_blank\" rel=\"noopener\">Biblioteca Poble-sec &#8211; Francesc Boix<\/a> | Carrer de Blai, 34<\/li>\n<\/ul>\n\n\n\n<p><\/p>\n\n\n\n<h3 class=\"wp-block-heading\" id=\"les-corts\">Les Corts<\/h3>\n\n\n\n<ul class=\"wp-block-list\">\n<li><a href=\"https:\/\/ajuntament.barcelona.cat\/biblioteques\/es\/bibmontserratabello\" target=\"_blank\" rel=\"noopener\">Biblioteca Montserrat Abell\u00f3<\/a> | Carrer dels Comtes de Bell-lloc, 192<\/li>\n\n\n\n<li><a href=\"https:\/\/ajuntament.barcelona.cat\/biblioteques\/es\/bibmllongueras\" target=\"_blank\" rel=\"noopener\">Biblioteca Les Corts &#8211; Miquel Llongueras<\/a> | Travessera de les Corts, 58<\/li>\n<\/ul>\n\n\n\n<p><\/p>\n\n\n\n<h3 class=\"wp-block-heading\" id=\"sarria-sant-gervasi\">Sarri\u00e0-Sant Gervasi<\/h3>\n\n\n\n<ul class=\"wp-block-list\">\n<li><a href=\"https:\/\/ajuntament.barcelona.cat\/biblioteques\/es\/bibsantgervasi\" target=\"_blank\" rel=\"noopener\">Biblioteca Sant Gervasi &#8211; Joan Maragall<\/a> | Carrer de Sant Gervasi de Cassoles, 85<\/li>\n\n\n\n<li><a href=\"https:\/\/ajuntament.barcelona.cat\/biblioteques\/es\/node\/691\" target=\"_blank\" rel=\"noopener\">Biblioteca de Sarri\u00e0 &#8211; J. V. Foix *Data prevista inauguraci\u00f3: finals de gener 2025<\/a> | Pla\u00e7a de Sarri\u00e0, 1<\/li>\n\n\n\n<li><a href=\"https:\/\/ajuntament.barcelona.cat\/biblioteques\/es\/bibclara\" target=\"_blank\" rel=\"noopener\">Biblioteca Clar\u00e0<\/a> | Carrer del Doctor Carulla, 22<\/li>\n\n\n\n<li><a href=\"https:\/\/ajuntament.barcelona.cat\/biblioteques\/es\/bibcollserola\" target=\"_blank\" rel=\"noopener\">Biblioteca Collserola &#8211; Josep Miracle<\/a> | Carrer d&#8217;Elisa Moragas i Badia, 16<\/li>\n<\/ul>\n\n\n\n<div class=\"wp-block-columns is-layout-flex wp-container-core-columns-is-layout-9d6595d7 wp-block-columns-is-layout-flex\">\n<div class=\"wp-block-column is-layout-flow wp-block-column-is-layout-flow\">\n<figure class=\"wp-block-image size-full\"><img decoding=\"async\" width=\"850\" height=\"567\" data-src=\"https:\/\/blog.toddl.co\/wp-content\/uploads\/2024\/11\/biblio-sagrada-familia-josep-m-ainaud-de-lasarte-4.jpg\" alt=\"Mejores bibliotecas y librer\u00edas infantiles en barcelona\" class=\"wp-image-7085 lazyload\" title=\"\" data-srcset=\"https:\/\/blog.toddl.co\/wp-content\/uploads\/2024\/11\/biblio-sagrada-familia-josep-m-ainaud-de-lasarte-4.jpg 850w, https:\/\/blog.toddl.co\/wp-content\/uploads\/2024\/11\/biblio-sagrada-familia-josep-m-ainaud-de-lasarte-4-300x200.jpg 300w, https:\/\/blog.toddl.co\/wp-content\/uploads\/2024\/11\/biblio-sagrada-familia-josep-m-ainaud-de-lasarte-4-768x512.jpg 768w, https:\/\/blog.toddl.co\/wp-content\/uploads\/2024\/11\/biblio-sagrada-familia-josep-m-ainaud-de-lasarte-4-610x407.jpg 610w\" data-sizes=\"(max-width: 850px) 100vw, 850px\" src=\"data:image\/gif;base64,R0lGODlhAQABAAAAACH5BAEKAAEALAAAAAABAAEAAAICTAEAOw==\" style=\"--smush-placeholder-width: 850px; --smush-placeholder-aspect-ratio: 850\/567;\" \/><\/figure>\n<\/div>\n\n\n\n<div class=\"wp-block-column is-layout-flow wp-block-column-is-layout-flow\">\n<figure class=\"wp-block-image size-full\"><img decoding=\"async\" width=\"700\" height=\"466\" data-src=\"https:\/\/blog.toddl.co\/wp-content\/uploads\/2024\/11\/biblioteca-joan-maragall-ninos-sant-gervasi.jpg\" alt=\"Mejores bibliotecas y librer\u00edas infantiles en barcelona\" class=\"wp-image-7079 lazyload\" title=\"\" data-srcset=\"https:\/\/blog.toddl.co\/wp-content\/uploads\/2024\/11\/biblioteca-joan-maragall-ninos-sant-gervasi.jpg 700w, https:\/\/blog.toddl.co\/wp-content\/uploads\/2024\/11\/biblioteca-joan-maragall-ninos-sant-gervasi-300x200.jpg 300w, https:\/\/blog.toddl.co\/wp-content\/uploads\/2024\/11\/biblioteca-joan-maragall-ninos-sant-gervasi-610x406.jpg 610w\" data-sizes=\"(max-width: 700px) 100vw, 700px\" src=\"data:image\/gif;base64,R0lGODlhAQABAAAAACH5BAEKAAEALAAAAAABAAEAAAICTAEAOw==\" style=\"--smush-placeholder-width: 700px; --smush-placeholder-aspect-ratio: 700\/466;\" \/><\/figure>\n<\/div>\n<\/div>\n\n\n\n<h3 class=\"wp-block-heading\" id=\"gracia\">Gr\u00e0cia<\/h3>\n\n\n\n<ul class=\"wp-block-list\">\n<li><a href=\"https:\/\/ajuntament.barcelona.cat\/biblioteques\/es\/bibjaumefuster\" target=\"_blank\" rel=\"noopener\">Biblioteca Jaume Fuster<\/a> | Pla\u00e7a de Lesseps, 20<\/li>\n\n\n\n<li><a href=\"https:\/\/ajuntament.barcelona.cat\/biblioteques\/es\/bibviladegracia\" target=\"_blank\" rel=\"noopener\">Biblioteca Vila de Gr\u00e0cia &#8211; Rosa M. Arquimbau<\/a> | Carrer del Torrent de l&#8217;Olla, 104<\/li>\n\n\n\n<li><a href=\"https:\/\/ajuntament.barcelona.cat\/biblioteques\/es\/bibpenitents\" target=\"_blank\" rel=\"noopener\">Biblioteca Vallcarca i els Penitents &#8211; M. Antonieta Cot<\/a> | Passeig de la Vall d&#8217;Hebron, 65<\/li>\n<\/ul>\n\n\n\n<p><\/p>\n\n\n\n<h3 class=\"wp-block-heading\" id=\"horta-guinardo\">Horta-Guinard\u00f3<\/h3>\n\n\n\n<ul class=\"wp-block-list\">\n<li><a href=\"https:\/\/ajuntament.barcelona.cat\/biblioteques\/es\/bibelcarmel\" target=\"_blank\" rel=\"noopener\">Biblioteca El Carmel &#8211; Juan Mars\u00e9<\/a> | Carrer de la Murtra, 135<\/li>\n\n\n\n<li><a href=\"https:\/\/ajuntament.barcelona.cat\/biblioteques\/es\/bibcanmariner\" target=\"_blank\" rel=\"noopener\">Biblioteca Horta &#8211; Can Mariner<\/a> | Carrer del Vent, 1<\/li>\n\n\n\n<li><a href=\"https:\/\/ajuntament.barcelona.cat\/biblioteques\/es\/bibmercerodoreda\" target=\"_blank\" rel=\"noopener\">Biblioteca Guinard\u00f3 &#8211; Merc\u00e8 Rodoreda *Tancada<\/a> | Carrer de les Cam\u00e8lies, 76<\/li>\n\n\n\n<li><a href=\"https:\/\/ajuntament.barcelona.cat\/biblioteques\/es\/bibmontbau\" target=\"_blank\" rel=\"noopener\">Biblioteca Montbau &#8211; Albert P\u00e9rez Bar\u00f3<\/a> | Carrer de l&#8217;Arquitectura, 8<\/li>\n<\/ul>\n\n\n\n<p><\/p>\n\n\n\n<h3 class=\"wp-block-heading\" id=\"nou-barris\">Nou Barris<\/h3>\n\n\n\n<ul class=\"wp-block-list\">\n<li><a href=\"https:\/\/ajuntament.barcelona.cat\/biblioteques\/es\/bibnoubarris\" target=\"_blank\" rel=\"noopener\">Biblioteca Nou Barris<\/a> | Pla\u00e7a Major de Nou Barris, 2<\/li>\n\n\n\n<li><a href=\"https:\/\/ajuntament.barcelona.cat\/biblioteques\/es\/bibzonanord\" target=\"_blank\" rel=\"noopener\">Biblioteca Zona Nord &#8211; M\u00e0ria S\u00e1nchez<\/a> | Carrer de Vallcivera, 3<\/li>\n\n\n\n<li><a href=\"https:\/\/ajuntament.barcelona.cat\/biblioteques\/es\/bibvilapicina\" target=\"_blank\" rel=\"noopener\">Biblioteca Vilapicina i la Torre Llobeta &#8211; Carmen Laforet<\/a> |Pla\u00e7a de Carmen Laforet, 11<\/li>\n\n\n\n<li><a href=\"https:\/\/ajuntament.barcelona.cat\/biblioteques\/es\/biblesroquetes\" target=\"_blank\" rel=\"noopener\">Biblioteca Les Roquetes \u2013 Rafa Juncadella<\/a> | Via Fav\u00e8ncia, 288<\/li>\n\n\n\n<li><a href=\"https:\/\/ajuntament.barcelona.cat\/biblioteques\/es\/bibcanyelles\" target=\"_blank\" rel=\"noopener\">Biblioteca Canyelles &#8211; M. \u00c0ngels Rivas<\/a> | Ronda de la Guineueta Vella, 34<\/li>\n<\/ul>\n\n\n\n<p><\/p>\n\n\n\n<h3 class=\"wp-block-heading\" id=\"sant-andreu\">Sant Andreu<\/h3>\n\n\n\n<ul class=\"wp-block-list\">\n<li><a href=\"https:\/\/ajuntament.barcelona.cat\/biblioteques\/es\/bibbonpastor\" target=\"_blank\" rel=\"noopener\">Biblioteca Bon Pastor &#8211; Josefina Castellv\u00ed<\/a> | Carrer d&#8217;Estadella, 64<\/li>\n\n\n\n<li><a href=\"https:\/\/ajuntament.barcelona.cat\/biblioteques\/es\/bibtrinitatvella\" target=\"_blank\" rel=\"noopener\">Biblioteca Trinitat Vella &#8211; Jos\u00e9 Barbero<\/a> | Carrer de Gal\u00edcia, 16<\/li>\n\n\n\n<li><a href=\"https:\/\/ajuntament.barcelona.cat\/biblioteques\/es\/bibcanfabra\" target=\"_blank\" rel=\"noopener\">Biblioteca Ignasi Igl\u00e9sias &#8211; Can Fabra *Tancada<\/a> | Carrer del Segre, 24<\/li>\n\n\n\n<li><a href=\"https:\/\/ajuntament.barcelona.cat\/biblioteques\/es\/biblasagrera\" target=\"_blank\" rel=\"noopener\">Biblioteca La Sagrera &#8211; Marina Clotet<\/a> | Carrer de Josep Soldevila, 9<\/li>\n<\/ul>\n\n\n\n<p><\/p>\n\n\n\n<h3 class=\"wp-block-heading\" id=\"sant-marti\">Sant Mart\u00ed<\/h3>\n\n\n\n<ul class=\"wp-block-list\">\n<li><a href=\"https:\/\/ajuntament.barcelona.cat\/biblioteques\/es\/bibelclot\" target=\"_blank\" rel=\"noopener\">Biblioteca El Clot &#8211; Josep Benet<\/a> | Pla\u00e7a de les Gl\u00f2ries Catalanes, 37<\/li>\n\n\n\n<li><a href=\"https:\/\/ajuntament.barcelona.cat\/biblioteques\/es\/bibgarciamarquez\" target=\"_blank\" rel=\"noopener\">Biblioteca Gabriel Garc\u00eda M\u00e1rquez<\/a> | Pla\u00e7a de Carmen Balcells Segal\u00e0, 1<\/li>\n\n\n\n<li><a href=\"https:\/\/ajuntament.barcelona.cat\/biblioteques\/es\/bibxavierbenguerel\" target=\"_blank\" rel=\"noopener\">Biblioteca Xavier Benguerel *Tancada<\/a> | Avinguda del Bogatell, 17<\/li>\n\n\n\n<li><a href=\"https:\/\/ajuntament.barcelona.cat\/biblioteques\/es\/bibramondalos\" target=\"_blank\" rel=\"noopener\">Biblioteca Ramon d&#8217;Al\u00f2s &#8211; Moner<\/a> | Rambla de Prim, 87<\/li>\n\n\n\n<li><a href=\"https:\/\/ajuntament.barcelona.cat\/biblioteques\/es\/bibcampdelarpa\" target=\"_blank\" rel=\"noopener\">Biblioteca Camp de l&#8217;Arpa &#8211; Caterina Albert<\/a> | Carrer de la Ind\u00fastria, 295<\/li>\n\n\n\n<li><a href=\"https:\/\/ajuntament.barcelona.cat\/biblioteques\/es\/sdlij\" target=\"_blank\" rel=\"noopener\">Servei de documentaci\u00f3 de literatura infantil i juvenil<\/a> | Avinguda del Bogatell, 17<\/li>\n\n\n\n<li><a href=\"https:\/\/ajuntament.barcelona.cat\/biblioteques\/es\/bibpoblenou\" target=\"_blank\" rel=\"noopener\">Biblioteca Poblenou &#8211; Manuel Arranz<\/a> | Carrer del Joncar, 35<\/li>\n<\/ul>\n\n\n\n<div style=\"height:76px\" aria-hidden=\"true\" class=\"wp-block-spacer\"><\/div>\n\n\n\n<h2 class=\"wp-block-heading\" id=\"librerias-infantiles-en-barcelona-fomentando-el-amor-por-la-lectura\">Librer\u00edas infantiles en Barcelona<\/h2>\n\n\n\n<p>Tambi\u00e9n encontrar\u00e1s un maravilloso universo de librer\u00edas dedicadas a la literatura infantil y juvenil, con espacios acogedores y actividades dise\u00f1adas para fomentar el amor por los libros entre los m\u00e1s peque\u00f1os. Suelen ofrecer talleres, actividades, cuenta-cuentos y otras opciones para ni\u00f1xs y familias. https:\/\/ajuntament.barcelona.cat\/biblioteques\/es\/buscador-actividades-infantiles<\/p>\n\n\n\n<h3 class=\"wp-block-heading\" id=\"al-lots-llibreria\">Abracadabra<\/h3>\n\n\n\n<div class=\"wp-block-columns is-layout-flex wp-container-core-columns-is-layout-9d6595d7 wp-block-columns-is-layout-flex\">\n<div class=\"wp-block-column is-layout-flow wp-block-column-is-layout-flow\" style=\"flex-basis:33.33%\">\n<figure class=\"wp-block-image size-full\"><img decoding=\"async\" width=\"800\" height=\"534\" data-src=\"https:\/\/blog.toddl.co\/wp-content\/uploads\/2024\/11\/abracadabra-libreria.jpg\" alt=\"Abracadabra\" class=\"wp-image-7072 lazyload\" title=\"\" data-srcset=\"https:\/\/blog.toddl.co\/wp-content\/uploads\/2024\/11\/abracadabra-libreria.jpg 800w, https:\/\/blog.toddl.co\/wp-content\/uploads\/2024\/11\/abracadabra-libreria-300x200.jpg 300w, https:\/\/blog.toddl.co\/wp-content\/uploads\/2024\/11\/abracadabra-libreria-768x513.jpg 768w, https:\/\/blog.toddl.co\/wp-content\/uploads\/2024\/11\/abracadabra-libreria-610x407.jpg 610w\" data-sizes=\"(max-width: 800px) 100vw, 800px\" src=\"data:image\/gif;base64,R0lGODlhAQABAAAAACH5BAEKAAEALAAAAAABAAEAAAICTAEAOw==\" style=\"--smush-placeholder-width: 800px; --smush-placeholder-aspect-ratio: 800\/534;\" \/><\/figure>\n<\/div>\n\n\n\n<div class=\"wp-block-column is-layout-flow wp-block-column-is-layout-flow\" style=\"flex-basis:66.66%\">\n<p><strong>Abracadabra<\/strong> es una librer\u00eda m\u00e1gica en el barrio de El Born, que se dedica exclusivamente a la literatura infantil y juvenil, con obras en m\u00faltiples idiomas y una gran variedad de t\u00edtulos ilustrados. Su enfoque incluye tanto libros de entretenimiento como educativos, y frecuentemente organiza talleres, cuentacuentos y actividades art\u00edsticas que ayudan a los ni\u00f1os a explorar el mundo de la lectura de manera divertida y creativa.<br>\ud83d\udccd<a href=\"https:\/\/www.google.com\/maps\/place\/\/data=!4m2!3m1!1s0x12a4a28c4ff38dcd:0xbe60f9e28268dfd0?sa=X&amp;ved=1t:8290&amp;ictx=111\" target=\"_blank\" rel=\"noopener\">Carrer del General \u00c1lvarez de Castro, 5, Ciutat Vella, 08003 Barcelona<\/a><\/p>\n<\/div>\n<\/div>\n\n\n\n<div style=\"height:41px\" aria-hidden=\"true\" class=\"wp-block-spacer\"><\/div>\n\n\n\n<h3 class=\"wp-block-heading\" id=\"a-peu-de-pagina\"><\/h3>\n\n\n\n<div class=\"wp-block-columns is-layout-flex wp-container-core-columns-is-layout-9d6595d7 wp-block-columns-is-layout-flex\">\n<div class=\"wp-block-column is-layout-flow wp-block-column-is-layout-flow\" style=\"flex-basis:66.66%\">\n<p>En el coraz\u00f3n de Sarri\u00e0, esta encantadora librer\u00eda ofrece un espacio dedicado a lxs j\u00f3venes lectorxs, con un rinc\u00f3n exclusivo de literatura infantil y juvenil. Su ambiente familiar y c\u00e1lido invita a ni\u00f1os y ni\u00f1as a explorar el mundo de los libros, mientras que sus actividades regulares, como cuentacuentos y clubes de lectura, fomentan el amor por la literatura desde peque\u00f1os. Adem\u00e1s, sus eventos para familias crean oportunidades perfectas para disfrutar juntos de la lectura y el aprendizaje.<br>\ud83d\udccd<a href=\"https:\/\/www.google.com\/maps\/place\/\/data=!4m2!3m1!1s0x12a498419afc1fbf:0xb768400599b330b7?sa=X&amp;ved=1t:8290&amp;ictx=111\" target=\"_blank\" rel=\"noopener\">Carrer Major de Sarri\u00e0, 50, Sarri\u00e0-Sant Gervasi, 08017 Barcelona<\/a><\/p>\n<\/div>\n\n\n\n<div class=\"wp-block-column is-layout-flow wp-block-column-is-layout-flow\" style=\"flex-basis:33.33%\">\n<figure class=\"wp-block-image size-full\"><img decoding=\"async\" width=\"1080\" height=\"810\" data-src=\"https:\/\/blog.toddl.co\/wp-content\/uploads\/2024\/10\/a-peu-de-pagina.webp\" alt=\"A Peu de P\u00e0gina\" class=\"wp-image-6680 lazyload\" title=\"\" data-srcset=\"https:\/\/blog.toddl.co\/wp-content\/uploads\/2024\/10\/a-peu-de-pagina.webp 1080w, https:\/\/blog.toddl.co\/wp-content\/uploads\/2024\/10\/a-peu-de-pagina-300x225.webp 300w, https:\/\/blog.toddl.co\/wp-content\/uploads\/2024\/10\/a-peu-de-pagina-1024x768.webp 1024w, https:\/\/blog.toddl.co\/wp-content\/uploads\/2024\/10\/a-peu-de-pagina-768x576.webp 768w, https:\/\/blog.toddl.co\/wp-content\/uploads\/2024\/10\/a-peu-de-pagina-610x458.webp 610w\" data-sizes=\"(max-width: 1080px) 100vw, 1080px\" src=\"data:image\/gif;base64,R0lGODlhAQABAAAAACH5BAEKAAEALAAAAAABAAEAAAICTAEAOw==\" style=\"--smush-placeholder-width: 1080px; --smush-placeholder-aspect-ratio: 1080\/810;\" \/><\/figure>\n<\/div>\n<\/div>\n\n\n\n<div style=\"height:41px\" aria-hidden=\"true\" class=\"wp-block-spacer\"><\/div>\n\n\n\n<h3 class=\"wp-block-heading\" id=\"al-lots-llibreria-1\">Al\u00b7lots Llibrer\u00eda<\/h3>\n\n\n\n<div class=\"wp-block-columns is-layout-flex wp-container-core-columns-is-layout-9d6595d7 wp-block-columns-is-layout-flex\">\n<div class=\"wp-block-column is-layout-flow wp-block-column-is-layout-flow\" style=\"flex-basis:33.33%\">\n<figure class=\"wp-block-image size-full\"><img decoding=\"async\" width=\"231\" height=\"154\" data-src=\"https:\/\/blog.toddl.co\/wp-content\/uploads\/2024\/10\/al-lots-libreria-edited.webp\" alt=\"Al\u00b7lots Llibrer\u00eda\" class=\"wp-image-6702 lazyload\" title=\"\" src=\"data:image\/gif;base64,R0lGODlhAQABAAAAACH5BAEKAAEALAAAAAABAAEAAAICTAEAOw==\" style=\"--smush-placeholder-width: 231px; --smush-placeholder-aspect-ratio: 231\/154;\"><\/figure>\n<\/div>\n\n\n\n<div class=\"wp-block-column is-layout-flow wp-block-column-is-layout-flow\" style=\"flex-basis:66.66%\">\n<p>Con el lema \u00abQueremos ser los libreros de tu vida\u00bb, <strong>Al\u00b7lots <\/strong>es m\u00e1s que una librer\u00eda, es un lugar donde los libros cobran vida gracias a su programaci\u00f3n de cuentacuentos, talleres, y clubes de lectura dirigidos tanto a ni\u00f1os como a adultos. Aqu\u00ed, las recomendaciones son siempre personalizadas, adapt\u00e1ndose a cada lector y creando un ambiente acogedor que invita a volver.<br>\ud83d\udccd<a href=\"https:\/\/www.google.com\/maps\/place\/\/data=!4m2!3m1!1s0x12a4a28c4ff38dcd:0xbe60f9e28268dfd0?sa=X&amp;ved=1t:8290&amp;ictx=111\" target=\"_blank\" rel=\"noopener\">Carrer del Consell de Cent, 266, L&#8217;Eixample, 08011 Barcelona<\/a><\/p>\n<\/div>\n<\/div>\n\n\n\n<div style=\"height:41px\" aria-hidden=\"true\" class=\"wp-block-spacer\"><\/div>\n\n\n\n<h3 class=\"wp-block-heading\" id=\"block-c787d7ca-ff75-4086-ad20-44f66c21c1c7\">Atzavara<\/h3>\n\n\n\n<div class=\"wp-block-columns is-layout-flex wp-container-core-columns-is-layout-9d6595d7 wp-block-columns-is-layout-flex\">\n<div class=\"wp-block-column is-layout-flow wp-block-column-is-layout-flow\" style=\"flex-basis:66.66%\">\n<p>En el barrio de Gr\u00e0cia, <strong>Atzavara<\/strong> ofrece un amplio cat\u00e1logo que abarca desde literatura infantil y juvenil hasta ensayos y narrativa general. Aunque no es una librer\u00eda exclusivamente dedicada a los m\u00e1s peque\u00f1os, cuenta con una encantadora secci\u00f3n de cuentos y \u00e1lbumes ilustrados, ideal para que las familias descubran y disfruten de lecturas juntas.<br>\ud83d\udccd <a href=\"https:\/\/www.google.com\/maps\/place\/\/data=!4m2!3m1!1s0x12a4a2b976fe13ad:0x9ce795a73543ebd?sa=X&amp;ved=1t:8290&amp;ictx=111\" target=\"_blank\" rel=\"noopener\">Carrer de l&#8217;Escorial, 94, Gr\u00e0cia, 08024 Barcelona<\/a><\/p>\n<\/div>\n\n\n\n<div class=\"wp-block-column is-layout-flow wp-block-column-is-layout-flow\" style=\"flex-basis:33.33%\">\n<figure class=\"wp-block-image size-full\"><img decoding=\"async\" width=\"1080\" height=\"720\" data-src=\"https:\/\/blog.toddl.co\/wp-content\/uploads\/2024\/10\/atzavara-libros-edited.webp\" alt=\"Atzavara\" class=\"wp-image-6704 lazyload\" title=\"\" data-srcset=\"https:\/\/blog.toddl.co\/wp-content\/uploads\/2024\/10\/atzavara-libros-edited.webp 1080w, https:\/\/blog.toddl.co\/wp-content\/uploads\/2024\/10\/atzavara-libros-edited-300x200.webp 300w, https:\/\/blog.toddl.co\/wp-content\/uploads\/2024\/10\/atzavara-libros-edited-1024x683.webp 1024w, https:\/\/blog.toddl.co\/wp-content\/uploads\/2024\/10\/atzavara-libros-edited-768x512.webp 768w, https:\/\/blog.toddl.co\/wp-content\/uploads\/2024\/10\/atzavara-libros-edited-610x407.webp 610w\" data-sizes=\"(max-width: 1080px) 100vw, 1080px\" src=\"data:image\/gif;base64,R0lGODlhAQABAAAAACH5BAEKAAEALAAAAAABAAEAAAICTAEAOw==\" style=\"--smush-placeholder-width: 1080px; --smush-placeholder-aspect-ratio: 1080\/720;\" \/><\/figure>\n<\/div>\n<\/div>\n\n\n\n<div style=\"height:41px\" aria-hidden=\"true\" class=\"wp-block-spacer\"><\/div>\n\n\n\n<h3 class=\"wp-block-heading\" id=\"teatre-lliure-2-2-2-2\">Backstory<\/h3>\n\n\n\n<div class=\"wp-block-columns is-layout-flex wp-container-core-columns-is-layout-9d6595d7 wp-block-columns-is-layout-flex\">\n<div class=\"wp-block-column is-layout-flow wp-block-column-is-layout-flow\" style=\"flex-basis:33.33%\">\n<figure class=\"wp-block-image size-full\"><img decoding=\"async\" width=\"1080\" height=\"720\" data-src=\"https:\/\/blog.toddl.co\/wp-content\/uploads\/2024\/10\/backstory-libreria-edited.webp\" alt=\"Backstory\" class=\"wp-image-6706 lazyload\" title=\"\" data-srcset=\"https:\/\/blog.toddl.co\/wp-content\/uploads\/2024\/10\/backstory-libreria-edited.webp 1080w, https:\/\/blog.toddl.co\/wp-content\/uploads\/2024\/10\/backstory-libreria-edited-300x200.webp 300w, https:\/\/blog.toddl.co\/wp-content\/uploads\/2024\/10\/backstory-libreria-edited-1024x683.webp 1024w, https:\/\/blog.toddl.co\/wp-content\/uploads\/2024\/10\/backstory-libreria-edited-768x512.webp 768w, https:\/\/blog.toddl.co\/wp-content\/uploads\/2024\/10\/backstory-libreria-edited-610x407.webp 610w\" data-sizes=\"(max-width: 1080px) 100vw, 1080px\" src=\"data:image\/gif;base64,R0lGODlhAQABAAAAACH5BAEKAAEALAAAAAABAAEAAAICTAEAOw==\" style=\"--smush-placeholder-width: 1080px; --smush-placeholder-aspect-ratio: 1080\/720;\" \/><\/figure>\n<\/div>\n\n\n\n<div class=\"wp-block-column is-layout-flow wp-block-column-is-layout-flow\" style=\"flex-basis:66.66%\">\n<p><strong>Backstory<\/strong> es el verdadero para\u00edso para quienes buscan literatura infantil y juvenil en ingl\u00e9s. Adem\u00e1s organiza su conocido \u00abStorytime\u00bb y clubs de lectura, en los que crea un ambiente ideal para que lxs m\u00e1s peque\u00f1xs se sumerjan en el mundo de los cuentos y mejoren su nivel de ingl\u00e9s mientras se divierten.<\/p>\n\n\n\n<p>\ud83d\udccd<a href=\"https:\/\/www.google.com\/maps\/place\/\/data=!4m2!3m1!1s0x12a4a3ba6ccd3e79:0xad6b23e4dee04546?sa=X&amp;ved=1t:8290&amp;ictx=111\" target=\"_blank\" rel=\"noopener\">Carrer de Mallorca, 330, L&#8217;Eixample, 08037 Barcelona<\/a><\/p>\n<\/div>\n<\/div>\n\n\n\n<div style=\"height:41px\" aria-hidden=\"true\" class=\"wp-block-spacer\"><\/div>\n\n\n\n<h3 class=\"wp-block-heading\" id=\"block-c787d7ca-ff75-4086-ad20-44f66c21c1c7-1\">Casa Anita Llibres<\/h3>\n\n\n\n<div class=\"wp-block-columns is-layout-flex wp-container-core-columns-is-layout-9d6595d7 wp-block-columns-is-layout-flex\">\n<div class=\"wp-block-column is-layout-flow wp-block-column-is-layout-flow\" style=\"flex-basis:66.66%\">\n<p>Este encantador espacio est\u00e1 dedicado a la literatura infantil de calidad, con un enfoque especial en \u00e1lbumes ilustrados. Es un verdadero refugio tanto para ni\u00f1os como para adultos que disfrutan de las historias y la creatividad. Ofrecen una variada agenda de actividades donde los m\u00e1s peque\u00f1os pueden interactuar con los relatos y fomentar su amor por la lectura.<br>\ud83d\udccd<a href=\"https:\/\/www.google.com\/maps\/place\/\/data=!4m2!3m1!1s0x12a4a2981c3a1733:0x5d9e427661867b42?sa=X&amp;ved=1t:8290&amp;ictx=111\" target=\"_blank\" rel=\"noopener\">Carrer de Vic, 14, Gr\u00e0cia, 08006 Barcelona<\/a><\/p>\n<\/div>\n\n\n\n<div class=\"wp-block-column is-layout-flow wp-block-column-is-layout-flow\" style=\"flex-basis:33.33%\">\n<figure class=\"wp-block-image size-full\"><img decoding=\"async\" width=\"800\" height=\"600\" data-src=\"https:\/\/blog.toddl.co\/wp-content\/uploads\/2024\/10\/casa-anita-libres.webp\" alt=\"Casa Anita Llibres\" class=\"wp-image-6688 lazyload\" title=\"\" data-srcset=\"https:\/\/blog.toddl.co\/wp-content\/uploads\/2024\/10\/casa-anita-libres.webp 800w, https:\/\/blog.toddl.co\/wp-content\/uploads\/2024\/10\/casa-anita-libres-300x225.webp 300w, https:\/\/blog.toddl.co\/wp-content\/uploads\/2024\/10\/casa-anita-libres-768x576.webp 768w, https:\/\/blog.toddl.co\/wp-content\/uploads\/2024\/10\/casa-anita-libres-610x458.webp 610w\" data-sizes=\"(max-width: 800px) 100vw, 800px\" src=\"data:image\/gif;base64,R0lGODlhAQABAAAAACH5BAEKAAEALAAAAAABAAEAAAICTAEAOw==\" style=\"--smush-placeholder-width: 800px; --smush-placeholder-aspect-ratio: 800\/600;\" \/><\/figure>\n<\/div>\n<\/div>\n\n\n\n<div style=\"height:41px\" aria-hidden=\"true\" class=\"wp-block-spacer\"><\/div>\n\n\n\n<h3 class=\"wp-block-heading\" id=\"teatre-lliure-2-2-2-2-2\">Come In Bookshop<\/h3>\n\n\n\n<div class=\"wp-block-columns is-layout-flex wp-container-core-columns-is-layout-9d6595d7 wp-block-columns-is-layout-flex\">\n<div class=\"wp-block-column is-layout-flow wp-block-column-is-layout-flow\" style=\"flex-basis:33.33%\">\n<figure class=\"wp-block-image size-full\"><img decoding=\"async\" width=\"1360\" height=\"1020\" data-src=\"https:\/\/blog.toddl.co\/wp-content\/uploads\/2024\/11\/come-in-bookshop.webp\" alt=\"Come In Bookshop\" class=\"wp-image-7109 lazyload\" title=\"\" data-srcset=\"https:\/\/blog.toddl.co\/wp-content\/uploads\/2024\/11\/come-in-bookshop.webp 1360w, https:\/\/blog.toddl.co\/wp-content\/uploads\/2024\/11\/come-in-bookshop-300x225.webp 300w, https:\/\/blog.toddl.co\/wp-content\/uploads\/2024\/11\/come-in-bookshop-1024x768.webp 1024w, https:\/\/blog.toddl.co\/wp-content\/uploads\/2024\/11\/come-in-bookshop-768x576.webp 768w, https:\/\/blog.toddl.co\/wp-content\/uploads\/2024\/11\/come-in-bookshop-610x458.webp 610w, https:\/\/blog.toddl.co\/wp-content\/uploads\/2024\/11\/come-in-bookshop-1080x810.webp 1080w\" data-sizes=\"(max-width: 1360px) 100vw, 1360px\" src=\"data:image\/gif;base64,R0lGODlhAQABAAAAACH5BAEKAAEALAAAAAABAAEAAAICTAEAOw==\" style=\"--smush-placeholder-width: 1360px; --smush-placeholder-aspect-ratio: 1360\/1020;\" \/><\/figure>\n<\/div>\n\n\n\n<div class=\"wp-block-column is-layout-flow wp-block-column-is-layout-flow\" style=\"flex-basis:66.66%\">\n<p><strong>Come In Bookshop<\/strong>, ubicada en el coraz\u00f3n de Barcelona, es una librer\u00eda con un extenso cat\u00e1logo de literatura en ingl\u00e9s. Ofrece una selecci\u00f3n de narrativa, ensayos, y libros de texto en ingl\u00e9s, incluyendo secciones dedicadas a literatura infantil y juvenil. Adem\u00e1s, organiza eventos y clubes de lectura en ingl\u00e9s, creando un espacio cultural donde lectores de todas las edades pueden disfrutar de la literatura en otro idioma y encontrar material educativo.<br>\ud83d\udccd <a href=\"https:\/\/www.google.com\/maps\/place\/\/data=!4m2!3m1!1s0x12a4a2bf3ae21a13:0xf1b29501b2480517?sa=X&amp;ved=1t:8290&amp;ictx=111\" target=\"_blank\" rel=\"noopener\">Carrer de Balmes, 129 Bis, L&#8217;Eixample, 08008 Barcelona<\/a><\/p>\n<\/div>\n<\/div>\n\n\n\n<div style=\"height:41px\" aria-hidden=\"true\" class=\"wp-block-spacer\"><\/div>\n\n\n\n<h3 class=\"wp-block-heading\" id=\"sant-andreu-teatre-sat-1-1-1-1-1-1\">El Genet Blau<\/h3>\n\n\n\n<div class=\"wp-block-columns is-layout-flex wp-container-core-columns-is-layout-9d6595d7 wp-block-columns-is-layout-flex\">\n<div class=\"wp-block-column is-layout-flow wp-block-column-is-layout-flow\" style=\"flex-basis:66.66%\">\n<p>Situada en Gr\u00e0cia, <strong>El Genet Blau<\/strong> es una librer\u00eda especializada en literatura infantil y juvenil, ofreciendo un extenso cat\u00e1logo que abarca desde cl\u00e1sicos atemporales hasta las \u00faltimas novedades del sector. La librer\u00eda organiza actividades dise\u00f1adas para compartir el placer de leer en familia, creando un ambiente enriquecedor y divertido para todos.<br>\ud83d\udccd <a href=\"https:\/\/www.google.com\/maps\/place\/\/data=!4m2!3m1!1s0x12a4a2bf3ae21a13:0xf1b29501b2480517?sa=X&amp;ved=1t:8290&amp;ictx=111\" target=\"_blank\" rel=\"noopener\">Carrer de Ram\u00f3n y Cajal, 158, Gr\u00e0cia, 08024 Barcelona<\/a><\/p>\n<\/div>\n\n\n\n<div class=\"wp-block-column is-layout-flow wp-block-column-is-layout-flow\" style=\"flex-basis:33.33%\">\n<figure class=\"wp-block-image size-full\"><img decoding=\"async\" width=\"1440\" height=\"960\" data-src=\"https:\/\/blog.toddl.co\/wp-content\/uploads\/2024\/10\/el-genet-blau-edited.webp\" alt=\"El Genet Blau\" class=\"wp-image-6708 lazyload\" title=\"\" data-srcset=\"https:\/\/blog.toddl.co\/wp-content\/uploads\/2024\/10\/el-genet-blau-edited.webp 1440w, https:\/\/blog.toddl.co\/wp-content\/uploads\/2024\/10\/el-genet-blau-edited-300x200.webp 300w, https:\/\/blog.toddl.co\/wp-content\/uploads\/2024\/10\/el-genet-blau-edited-1024x683.webp 1024w, https:\/\/blog.toddl.co\/wp-content\/uploads\/2024\/10\/el-genet-blau-edited-768x512.webp 768w, https:\/\/blog.toddl.co\/wp-content\/uploads\/2024\/10\/el-genet-blau-edited-610x407.webp 610w, https:\/\/blog.toddl.co\/wp-content\/uploads\/2024\/10\/el-genet-blau-edited-1080x720.webp 1080w\" data-sizes=\"(max-width: 1440px) 100vw, 1440px\" src=\"data:image\/gif;base64,R0lGODlhAQABAAAAACH5BAEKAAEALAAAAAABAAEAAAICTAEAOw==\" style=\"--smush-placeholder-width: 1440px; --smush-placeholder-aspect-ratio: 1440\/960;\" \/><\/figure>\n<\/div>\n<\/div>\n\n\n\n<h3 class=\"wp-block-heading\" id=\"el-genet-blau\">Fabre<\/h3>\n\n\n\n<div class=\"wp-block-columns is-layout-flex wp-container-core-columns-is-layout-9d6595d7 wp-block-columns-is-layout-flex\">\n<div class=\"wp-block-column is-layout-flow wp-block-column-is-layout-flow\" style=\"flex-basis:33.33%\">\n<figure class=\"wp-block-image size-full\"><img decoding=\"async\" width=\"650\" height=\"433\" data-src=\"https:\/\/blog.toddl.co\/wp-content\/uploads\/2024\/11\/juguete_libreria_fabre.jpg\" alt=\"Fabre\" class=\"wp-image-7074 lazyload\" title=\"\" data-srcset=\"https:\/\/blog.toddl.co\/wp-content\/uploads\/2024\/11\/juguete_libreria_fabre.jpg 650w, https:\/\/blog.toddl.co\/wp-content\/uploads\/2024\/11\/juguete_libreria_fabre-300x200.jpg 300w, https:\/\/blog.toddl.co\/wp-content\/uploads\/2024\/11\/juguete_libreria_fabre-610x406.jpg 610w\" data-sizes=\"(max-width: 650px) 100vw, 650px\" src=\"data:image\/gif;base64,R0lGODlhAQABAAAAACH5BAEKAAEALAAAAAABAAEAAAICTAEAOw==\" style=\"--smush-placeholder-width: 650px; --smush-placeholder-aspect-ratio: 650\/433;\" \/><\/figure>\n<\/div>\n\n\n\n<div class=\"wp-block-column is-layout-flow wp-block-column-is-layout-flow\" style=\"flex-basis:66.66%\">\n<p>Con m\u00e1s de un siglo de historia, <strong>Librer\u00eda <a href=\"https:\/\/www.libreriafabre.com\/es\/index.php\" data-type=\"link\" data-id=\"https:\/\/www.libreriafabre.com\/es\/index.php\" target=\"_blank\" rel=\"noopener\">Fabre<\/a><\/strong> se especializa en literatura en alem\u00e1n, aunque ofrece tambi\u00e9n una colecci\u00f3n diversa de libros infantiles en otros idiomas. Destaca su ambiente cl\u00e1sico y su enfoque en la cultura literaria europea. Fabre es ideal para quienes buscan enriquecer la educaci\u00f3n biling\u00fce de lxs ni\u00f1xs y fomentar el inter\u00e9s en otras lenguas y culturas a trav\u00e9s de libros cuidadosamente seleccionados. <br>\ud83d\udccd <a href=\"https:\/\/www.google.com\/maps\/place\/\/data=!4m2!3m1!1s0x12a4a2bf3ae21a13:0xf1b29501b2480517?sa=X&amp;ved=1t:8290&amp;ictx=111\" target=\"_blank\" rel=\"noopener\">Carrer d&#8217;Aribau, 84, L&#8217;Eixample, 08036 Barcelona<\/a><\/p>\n<\/div>\n<\/div>\n\n\n\n<div style=\"height:41px\" aria-hidden=\"true\" class=\"wp-block-spacer\"><\/div>\n\n\n\n<h3 class=\"wp-block-heading\" id=\"sant-andreu-teatre-sat-1-1-1-1-1-1-1\">Laie<\/h3>\n\n\n\n<div class=\"wp-block-columns is-layout-flex wp-container-core-columns-is-layout-9d6595d7 wp-block-columns-is-layout-flex\">\n<div class=\"wp-block-column is-layout-flow wp-block-column-is-layout-flow\" style=\"flex-basis:66.66%\">\n<p>Ubicada en el centro de Barcelona, <strong><a href=\"https:\/\/www.laie.es\/\" data-type=\"link\" data-id=\"https:\/\/www.laie.es\/\" target=\"_blank\" rel=\"noopener\">Laie<\/a> <\/strong>combina una gran selecci\u00f3n de libros con una acogedora cafeter\u00eda y terraza, que se ha convertido en un lugar predilecto para familias y aficionados a la lectura. En su planta baja, Laie tiene una extensa colecci\u00f3n de literatura infantil en catal\u00e1n y castellano, ideal para ni\u00f1os y adolescentes de hasta 14 a\u00f1os. Adem\u00e1s, su ambiente tranquilo y sus actividades culturales, como cuentacuentos y clubes de lectura, crean un espacio perfecto para que los peque\u00f1os disfruten de la lectura de manera l\u00fadica y en un entorno<br>\ud83d\udccd<a href=\"https:\/\/maps.google.com\/maps?hl=es&amp;gl=es&amp;um=1&amp;ie=UTF-8&amp;fb=1&amp;sa=X&amp;ftid=0x12a4a2f1e9dd4e3f:0xb1683e66bae1f7e1\" target=\"_blank\" rel=\"noopener\">Carrer de Pau Claris, 85, L&#8217;Eixample, 08010 Barcelona<\/a><\/p>\n<\/div>\n\n\n\n<div class=\"wp-block-column is-layout-flow wp-block-column-is-layout-flow\" style=\"flex-basis:33.33%\">\n<figure class=\"wp-block-image size-full\"><img decoding=\"async\" width=\"1360\" height=\"1152\" data-src=\"https:\/\/blog.toddl.co\/wp-content\/uploads\/2024\/11\/libreria-laie-barcelona.png\" alt=\"Laie\" class=\"wp-image-7076 lazyload\" title=\"\" data-srcset=\"https:\/\/blog.toddl.co\/wp-content\/uploads\/2024\/11\/libreria-laie-barcelona.png 1360w, https:\/\/blog.toddl.co\/wp-content\/uploads\/2024\/11\/libreria-laie-barcelona-300x254.png 300w, https:\/\/blog.toddl.co\/wp-content\/uploads\/2024\/11\/libreria-laie-barcelona-1024x867.png 1024w, https:\/\/blog.toddl.co\/wp-content\/uploads\/2024\/11\/libreria-laie-barcelona-768x651.png 768w, https:\/\/blog.toddl.co\/wp-content\/uploads\/2024\/11\/libreria-laie-barcelona-610x517.png 610w, https:\/\/blog.toddl.co\/wp-content\/uploads\/2024\/11\/libreria-laie-barcelona-1080x915.png 1080w\" data-sizes=\"(max-width: 1360px) 100vw, 1360px\" src=\"data:image\/gif;base64,R0lGODlhAQABAAAAACH5BAEKAAEALAAAAAABAAEAAAICTAEAOw==\" style=\"--smush-placeholder-width: 1360px; --smush-placeholder-aspect-ratio: 1360\/1152;\" \/><\/figure>\n<\/div>\n<\/div>\n\n\n\n<div style=\"height:41px\" aria-hidden=\"true\" class=\"wp-block-spacer\"><\/div>\n\n\n\n<h3 class=\"wp-block-heading\" id=\"laie-ubicada-en-el-centro-de-barcelona-laie-combina-una-gran-seleccion-de-libros-con-una-acogedora-cafeteria-y-terraza-que-se-ha-convertido-en-un-lugar-predilecto-para-familias-y-aficionados-a-la-lectura-en-su-planta-baja-laie-tiene-una-extensa-coleccion-de-literatura-infantil-en-catalan-y-castellano-ideal-para-ninos-y-adolescentes-de-hasta-14-anos-ademas-su-ambiente-tranquilo-y-sus-actividades-culturales-como-cuentacuentos-y-clubes-de-lectura-crean-un-espacio-perfecto-para-que-los-pequenos-disfruten-de-la-lectura-de-manera-ludica-y-en-un-entorno\">La Llar del Llibre<\/h3>\n\n\n\n<div class=\"wp-block-columns is-layout-flex wp-container-core-columns-is-layout-9d6595d7 wp-block-columns-is-layout-flex\">\n<div class=\"wp-block-column is-layout-flow wp-block-column-is-layout-flow\" style=\"flex-basis:33.33%\">\n<figure class=\"wp-block-image size-full\"><img decoding=\"async\" width=\"1440\" height=\"960\" data-src=\"https:\/\/blog.toddl.co\/wp-content\/uploads\/2024\/10\/la-llar-del-libre-2-edited.webp\" alt=\"La Llar del Llibre\" class=\"wp-image-6710 lazyload\" title=\"\" data-srcset=\"https:\/\/blog.toddl.co\/wp-content\/uploads\/2024\/10\/la-llar-del-libre-2-edited.webp 1440w, https:\/\/blog.toddl.co\/wp-content\/uploads\/2024\/10\/la-llar-del-libre-2-edited-300x200.webp 300w, https:\/\/blog.toddl.co\/wp-content\/uploads\/2024\/10\/la-llar-del-libre-2-edited-1024x683.webp 1024w, https:\/\/blog.toddl.co\/wp-content\/uploads\/2024\/10\/la-llar-del-libre-2-edited-768x512.webp 768w, https:\/\/blog.toddl.co\/wp-content\/uploads\/2024\/10\/la-llar-del-libre-2-edited-610x407.webp 610w, https:\/\/blog.toddl.co\/wp-content\/uploads\/2024\/10\/la-llar-del-libre-2-edited-1080x720.webp 1080w\" data-sizes=\"(max-width: 1440px) 100vw, 1440px\" src=\"data:image\/gif;base64,R0lGODlhAQABAAAAACH5BAEKAAEALAAAAAABAAEAAAICTAEAOw==\" style=\"--smush-placeholder-width: 1440px; --smush-placeholder-aspect-ratio: 1440\/960;\" \/><\/figure>\n<\/div>\n\n\n\n<div class=\"wp-block-column is-layout-flow wp-block-column-is-layout-flow\" style=\"flex-basis:66.66%\">\n<p>Con m\u00e1s de 67 a\u00f1os de historia, <strong>La Llar del Llibre<\/strong> en Sabadell se ha establecido como una librer\u00eda familiar por excelencia. Su variada selecci\u00f3n de libros infantiles, que incluye tanto cl\u00e1sicos como t\u00edtulos contempor\u00e1neos, junto con sus actividades orientadas al fomento de la lectura, crean un ambiente acogedor donde tanto adultos como peque\u00f1os pueden disfrutar del placer de leer juntos. <br>\ud83d\udccd<a href=\"https:\/\/www.google.com\/maps\/place\/\/data=!4m2!3m1!1s0x12a49503d90106df:0x2df4d78f4398d6bd?sa=X&amp;ved=1t:8290&amp;ictx=111\" target=\"_blank\" rel=\"noopener\">Carrer Sant Antoni, 20, Carrer de les Valls, 29, 08201 Sabadell, Barcelona<\/a><\/p>\n<\/div>\n<\/div>\n\n\n\n<div style=\"height:41px\" aria-hidden=\"true\" class=\"wp-block-spacer\"><\/div>\n\n\n\n<h3 class=\"wp-block-heading\" id=\"sant-andreu-teatre-sat-1-1-1-1-1-1-1-2\">La Petita<\/h3>\n\n\n\n<div class=\"wp-block-columns is-layout-flex wp-container-core-columns-is-layout-9d6595d7 wp-block-columns-is-layout-flex\">\n<div class=\"wp-block-column is-layout-flow wp-block-column-is-layout-flow\" style=\"flex-basis:66.66%\">\n<p>Situada en Poblenou, <strong>La Petita<\/strong> es una encantadora librer\u00eda dedicada exclusivamente a cuentos y libros infantiles, con una oferta que abarca todas las edades. Adem\u00e1s de contar con una variedad de t\u00edtulos en varios idiomas, La Petita organiza talleres y cuentacuentos.<br>\ud83d\udccd <a href=\"https:\/\/www.google.com\/maps\/place\/\/data=!4m2!3m1!1s0x12a4a3400336d24b:0xe8989ec095ac1511?sa=X&amp;ved=1t:8290&amp;ictx=111\" target=\"_blank\" rel=\"noopener\">Carrer de Llull, 173, Sant Mart\u00ed, 08005 Barcelona<\/a><\/p>\n<\/div>\n\n\n\n<div class=\"wp-block-column is-layout-flow wp-block-column-is-layout-flow\" style=\"flex-basis:33.33%\">\n<figure class=\"wp-block-image size-full\"><img decoding=\"async\" width=\"750\" height=\"422\" data-src=\"https:\/\/blog.toddl.co\/wp-content\/uploads\/2024\/10\/la-petita.webp\" alt=\"La Petita\" class=\"wp-image-6694 lazyload\" title=\"\" data-srcset=\"https:\/\/blog.toddl.co\/wp-content\/uploads\/2024\/10\/la-petita.webp 750w, https:\/\/blog.toddl.co\/wp-content\/uploads\/2024\/10\/la-petita-300x169.webp 300w, https:\/\/blog.toddl.co\/wp-content\/uploads\/2024\/10\/la-petita-610x343.webp 610w\" data-sizes=\"(max-width: 750px) 100vw, 750px\" src=\"data:image\/gif;base64,R0lGODlhAQABAAAAACH5BAEKAAEALAAAAAABAAEAAAICTAEAOw==\" style=\"--smush-placeholder-width: 750px; --smush-placeholder-aspect-ratio: 750\/422;\" \/><\/figure>\n<\/div>\n<\/div>\n\n\n\n<div style=\"height:41px\" aria-hidden=\"true\" class=\"wp-block-spacer\"><\/div>\n\n\n\n<h3 class=\"wp-block-heading\" id=\"teatre-lliure-2-2-2-2-2-2\">Lectors al tren<\/h3>\n\n\n\n<div class=\"wp-block-columns is-layout-flex wp-container-core-columns-is-layout-9d6595d7 wp-block-columns-is-layout-flex\">\n<div class=\"wp-block-column is-layout-flow wp-block-column-is-layout-flow\" style=\"flex-basis:33.33%\">\n<figure class=\"wp-block-image size-full\"><img decoding=\"async\" width=\"552\" height=\"368\" data-src=\"https:\/\/blog.toddl.co\/wp-content\/uploads\/2024\/10\/lectors-al-tren-edited.webp\" alt=\"Lectors al tren\" class=\"wp-image-6712 lazyload\" title=\"\" data-srcset=\"https:\/\/blog.toddl.co\/wp-content\/uploads\/2024\/10\/lectors-al-tren-edited.webp 552w, https:\/\/blog.toddl.co\/wp-content\/uploads\/2024\/10\/lectors-al-tren-edited-300x200.webp 300w\" data-sizes=\"(max-width: 552px) 100vw, 552px\" src=\"data:image\/gif;base64,R0lGODlhAQABAAAAACH5BAEKAAEALAAAAAABAAEAAAICTAEAOw==\" style=\"--smush-placeholder-width: 552px; --smush-placeholder-aspect-ratio: 552\/368;\" \/><\/figure>\n<\/div>\n\n\n\n<div class=\"wp-block-column is-layout-flow wp-block-column-is-layout-flow\" style=\"flex-basis:66.66%\">\n<p><strong>Lectors al tren<\/strong> es una encantadora librer\u00eda dedicada a los ni\u00f1os, donde cada libro es una puerta a nuevas aventuras. Con un enfoque en la literatura infantil de calidad, este espacio se convierte en un punto de encuentro para familias que desean cultivar el amor por la lectura en sus hijos. Adem\u00e1s de su variada selecci\u00f3n de t\u00edtulos, la librer\u00eda organiza actividades divertidas y educativas, como clubes de lectura y cuentacuentos.<br>\ud83d\udccd<a href=\"https:\/\/www.google.com\/maps\/place\/\/data=!4m2!3m1!1s0x12a4a28d571355bd:0x5f27331fd50dca70?sa=X&amp;ved=1t:8290&amp;hl=en&amp;ictx=111\" target=\"_blank\" rel=\"noopener\">Carrer de Mag\u00ed Ramentol, 3, 08191 Rub\u00ed, Barcelona<\/a><\/p>\n<\/div>\n<\/div>\n\n\n\n<div style=\"height:41px\" aria-hidden=\"true\" class=\"wp-block-spacer\"><\/div>\n\n\n\n<h3 class=\"wp-block-heading\" id=\"sant-andreu-teatre-sat-1-1-1-1-1-1-1-2-3\">Re-Read<\/h3>\n\n\n\n<div class=\"wp-block-columns is-layout-flex wp-container-core-columns-is-layout-9d6595d7 wp-block-columns-is-layout-flex\">\n<div class=\"wp-block-column is-layout-flow wp-block-column-is-layout-flow\" style=\"flex-basis:66.66%\">\n<p><strong>Re-Read<\/strong> es una cadena de librer\u00edas especializada en libros de segunda mano, ofrece una propuesta sostenible y econ\u00f3mica en varias ciudades, incluyendo m\u00faltiples ubicaciones en Barcelona. Con su lema \u00abReduce, Reuse &amp; Read\u00bb, se enfoca en promover la reutilizaci\u00f3n de libros mediante precios accesibles: puedes adquirir un libro por 4\u20ac, dos por 6\u20ac o cinco por 12\u20ac. Los locales de Re-Read est\u00e1n bien organizados por tem\u00e1ticas, y el ambiente acogedor invita a explorar diversas lecturas, desde novelas hasta cl\u00e1sicos literarios<br>\ud83d\udccd <a href=\"https:\/\/www.re-read.com\/localizador-de-librerias-re-read\/\" data-type=\"link\" data-id=\"https:\/\/www.re-read.com\/localizador-de-librerias-re-read\/\" target=\"_blank\" rel=\"noopener\">Descubre la librer\u00eda m\u00e1s cercana a tu ubicaci\u00f3n<\/a><\/p>\n<\/div>\n\n\n\n<div class=\"wp-block-column is-layout-flow wp-block-column-is-layout-flow\" style=\"flex-basis:33.33%\">\n<figure class=\"wp-block-image size-full\"><img decoding=\"async\" width=\"1200\" height=\"800\" data-src=\"https:\/\/blog.toddl.co\/wp-content\/uploads\/2024\/11\/re-read.jpg\" alt=\"Re-Read\" class=\"wp-image-7111 lazyload\" title=\"\" data-srcset=\"https:\/\/blog.toddl.co\/wp-content\/uploads\/2024\/11\/re-read.jpg 1200w, https:\/\/blog.toddl.co\/wp-content\/uploads\/2024\/11\/re-read-300x200.jpg 300w, https:\/\/blog.toddl.co\/wp-content\/uploads\/2024\/11\/re-read-1024x683.jpg 1024w, https:\/\/blog.toddl.co\/wp-content\/uploads\/2024\/11\/re-read-768x512.jpg 768w, https:\/\/blog.toddl.co\/wp-content\/uploads\/2024\/11\/re-read-610x407.jpg 610w, https:\/\/blog.toddl.co\/wp-content\/uploads\/2024\/11\/re-read-1080x720.jpg 1080w\" data-sizes=\"(max-width: 1200px) 100vw, 1200px\" src=\"data:image\/gif;base64,R0lGODlhAQABAAAAACH5BAEKAAEALAAAAAABAAEAAAICTAEAOw==\" style=\"--smush-placeholder-width: 1200px; --smush-placeholder-aspect-ratio: 1200\/800;\" \/><\/figure>\n<\/div>\n<\/div>\n\n\n\n<div style=\"height:41px\" aria-hidden=\"true\" class=\"wp-block-spacer\"><\/div>\n\n\n\n<h3 class=\"wp-block-heading\" id=\"teatre-lliure-2-2-2-2-2-2-2\">Sendak<\/h3>\n\n\n\n<div class=\"wp-block-columns is-layout-flex wp-container-core-columns-is-layout-9d6595d7 wp-block-columns-is-layout-flex\">\n<div class=\"wp-block-column is-layout-flow wp-block-column-is-layout-flow\" style=\"flex-basis:33.33%\">\n<figure class=\"wp-block-image size-full\"><img decoding=\"async\" width=\"1024\" height=\"683\" data-src=\"https:\/\/blog.toddl.co\/wp-content\/uploads\/2024\/10\/sendak-edited.webp\" alt=\"Sendak\" class=\"wp-image-6714 lazyload\" title=\"\" data-srcset=\"https:\/\/blog.toddl.co\/wp-content\/uploads\/2024\/10\/sendak-edited.webp 1024w, https:\/\/blog.toddl.co\/wp-content\/uploads\/2024\/10\/sendak-edited-300x200.webp 300w, https:\/\/blog.toddl.co\/wp-content\/uploads\/2024\/10\/sendak-edited-768x512.webp 768w, https:\/\/blog.toddl.co\/wp-content\/uploads\/2024\/10\/sendak-edited-610x407.webp 610w\" data-sizes=\"(max-width: 1024px) 100vw, 1024px\" src=\"data:image\/gif;base64,R0lGODlhAQABAAAAACH5BAEKAAEALAAAAAABAAEAAAICTAEAOw==\" style=\"--smush-placeholder-width: 1024px; --smush-placeholder-aspect-ratio: 1024\/683;\" \/><\/figure>\n<\/div>\n\n\n\n<div class=\"wp-block-column is-layout-flow wp-block-column-is-layout-flow\" style=\"flex-basis:66.66%\">\n<p>Situada cerca de la Sagrada Familia, <strong>Sendak<\/strong> es una encantadora librer\u00eda infantil y juvenil que ofrece una cuidada y excelente selecci\u00f3n de libros en un ambiente acogedor y familiar. Adem\u00e1s de contar con una amplia variedad de t\u00edtulos en ingl\u00e9s, recientemente han ampliado su espacio para incluir juegos de mesa, lo que la convierte en un aut\u00e9ntico para\u00edso para los peque\u00f1os lectores<br>\ud83d\udccd <a href=\"https:\/\/www.google.com\/maps\/place\/\/data=!4m2!3m1!1s0x12a4a2c1b34cca6b:0xa740684d541b355b?sa=X&amp;ved=1t:8290&amp;ictx=111\" target=\"_blank\" rel=\"noopener\">Carrer de C\u00f2rsega, 461, Gr\u00e0cia, 08037 Barcelona<\/a><\/p>\n<\/div>\n<\/div>\n\n\n\n<div style=\"height:76px\" aria-hidden=\"true\" class=\"wp-block-spacer\"><\/div>\n\n\n\n<h2 class=\"wp-block-heading\" id=\"block-c787d7ca-ff75-4086-ad20-44f66c21c1c7-1-1\">\u00bfC\u00f3mo fomentar el amor por los libros en los ni\u00f1os?<\/h2>\n\n\n\n<p>Fomentar el amor por la lectura en los ni\u00f1os puede ser una experiencia gratificante para toda la familia. Aqu\u00ed van algunos consejos para ayudar a que los libros se conviertan en los mejores amigos de lxs peques:<\/p>\n\n\n\n<ul class=\"wp-block-list\">\n<li><strong>Crea un rinc\u00f3n de lectura en casa:<\/strong> Un espacio c\u00f3modo y tranquilo con sus libros favoritos a mano invita a lxs ni\u00f1xs a disfrutar de un momento de lectura siempre que quieran.<\/li>\n\n\n\n<li><strong>Haz de la lectura un h\u00e1bito familiar:<\/strong> Dedicar unos minutos cada noche a leer juntos fortalece el v\u00ednculo familiar y hace que lxs ni\u00f1xs asocien los libros con momentos de cari\u00f1o y atenci\u00f3n.<\/li>\n\n\n\n<li><strong>Permite que elijan sus propios libros:<\/strong> Ll\u00e9valos a librer\u00edas o bibliotecas y deja que escojan los libros que m\u00e1s les llamen la atenci\u00f3n. As\u00ed, sentir\u00e1n que tienen voz en sus lecturas y estar\u00e1n m\u00e1s motivados.<\/li>\n\n\n\n<li><strong>Integra la lectura en el d\u00eda a d\u00eda:<\/strong> Aprovecha cualquier oportunidad para leer: un cartel en la calle, una receta, el men\u00fa en un restaurante. Ver\u00e1n que la lectura est\u00e1 en todas partes.<\/li>\n\n\n\n<li><strong>Participa en actividades y talleres:<\/strong> Las bibliotecas y librer\u00edas infantiles suelen ofrecer cuenta-cuentos, talleres y otras actividades. Estas experiencias pueden hacer que los ni\u00f1os vean la lectura como una actividad social y divertida.<\/li>\n<\/ul>\n\n\n\n<p>Te recomendamos 10 libros para ni\u00f1xs con los que podr\u00e1s trabajar las emociones \ud83d\udc47\ud83d\udc47 Luego cu\u00e9ntanos qu\u00e9 te parecieron.<\/p>\n\n\n\n<figure class=\"wp-block-embed is-type-wp-embed is-provider-toddl-co-blog wp-block-embed-toddl-co-blog\"><div class=\"wp-block-embed__wrapper\">\n<blockquote class=\"wp-embedded-content\" data-secret=\"xsjTF3Ih36\"><a href=\"https:\/\/blog.toddl.co\/es\/libros-sobre-emociones-para-ninos\/\">10 libros para ni\u00f1xs para trabajar las emociones<\/a><\/blockquote><iframe class=\"wp-embedded-content lazyload\" sandbox=\"allow-scripts\" security=\"restricted\" style=\"position: absolute; visibility: hidden;\" title=\"\u00ab10 libros para ni\u00f1xs para trabajar las emociones\u00bb \u2014 toddl.co Blog\" data-src=\"https:\/\/blog.toddl.co\/es\/libros-sobre-emociones-para-ninos\/embed\/#?secret=VKxRmQUTru#?secret=xsjTF3Ih36\" data-secret=\"xsjTF3Ih36\" width=\"600\" height=\"338\" frameborder=\"0\" marginwidth=\"0\" marginheight=\"0\" scrolling=\"no\" src=\"data:image\/gif;base64,R0lGODlhAQABAAAAACH5BAEKAAEALAAAAAABAAEAAAICTAEAOw==\" data-load-mode=\"1\"><\/iframe>\n<\/div><\/figure>\n<span class=\"et_bloom_bottom_trigger\"><\/span>","protected":false},"excerpt":{"rendered":"<p>En Barcelona las bibliotecas y librer\u00edas infantiles ofrecen espacios m\u00e1gicos donde los ni\u00f1os y las ni\u00f1as pueden desarrollar su amor por la lectura y la creatividad, al mismo tiempo que pasan un lindo d\u00eda haciendo un plan distinto. La literatura tiene un lugar especial en la ciudad, especialmente en d\u00edas como Sant Jordi. Celebrado el [&hellip;]<\/p>\n","protected":false},"author":8,"featured_media":7093,"comment_status":"open","ping_status":"open","sticky":false,"template":"","format":"standard","meta":{"_et_pb_use_builder":"off","_et_pb_old_content":"","_et_gb_content_width":"","footnotes":""},"categories":[38],"tags":[],"class_list":["post-7066","post","type-post","status-publish","format-standard","has-post-thumbnail","hentry","category-planes-con-ninos","et-has-post-format-content","et_post_format-et-post-format-standard"],"_links":{"self":[{"href":"https:\/\/blog.toddl.co\/es\/wp-json\/wp\/v2\/posts\/7066","targetHints":{"allow":["GET"]}}],"collection":[{"href":"https:\/\/blog.toddl.co\/es\/wp-json\/wp\/v2\/posts"}],"about":[{"href":"https:\/\/blog.toddl.co\/es\/wp-json\/wp\/v2\/types\/post"}],"author":[{"embeddable":true,"href":"https:\/\/blog.toddl.co\/es\/wp-json\/wp\/v2\/users\/8"}],"replies":[{"embeddable":true,"href":"https:\/\/blog.toddl.co\/es\/wp-json\/wp\/v2\/comments?post=7066"}],"version-history":[{"count":10,"href":"https:\/\/blog.toddl.co\/es\/wp-json\/wp\/v2\/posts\/7066\/revisions"}],"predecessor-version":[{"id":7650,"href":"https:\/\/blog.toddl.co\/es\/wp-json\/wp\/v2\/posts\/7066\/revisions\/7650"}],"wp:featuredmedia":[{"embeddable":true,"href":"https:\/\/blog.toddl.co\/es\/wp-json\/wp\/v2\/media\/7093"}],"wp:attachment":[{"href":"https:\/\/blog.toddl.co\/es\/wp-json\/wp\/v2\/media?parent=7066"}],"wp:term":[{"taxonomy":"category","embeddable":true,"href":"https:\/\/blog.toddl.co\/es\/wp-json\/wp\/v2\/categories?post=7066"},{"taxonomy":"post_tag","embeddable":true,"href":"https:\/\/blog.toddl.co\/es\/wp-json\/wp\/v2\/tags?post=7066"}],"curies":[{"name":"wp","href":"https:\/\/api.w.org\/{rel}","templated":true}]}}